{"id":3283,"date":"2015-08-07T16:44:14","date_gmt":"2015-08-07T14:44:14","guid":{"rendered":"http:\/\/www.aikido-bochum.de\/?p=3283"},"modified":"2015-09-30T17:27:41","modified_gmt":"2015-09-30T15:27:41","slug":"evolutionary-aikido-seminar-mit-patrick-cassidy-6-dan-2-4-oktober-2015-in-bochum","status":"publish","type":"post","link":"https:\/\/www.aikido-bochum.de\/?p=3283","title":{"rendered":"Evolutionary Aikido Seminar mit Patrick Cassidy, 6. Dan, 2.\u20134. Oktober 2015 in Bochum"},"content":{"rendered":"<p><a href=\"https:\/\/www.aikido-bochum.de\/wp-content\/uploads\/2014\/07\/1-AIKIDO-MONTREUX_-17_585x420.944a1f218918e6372c675ab02656cdd817.jpg\"><img loading=\"lazy\" decoding=\"async\" class=\"aligncenter size-full wp-image-2938\" src=\"https:\/\/www.aikido-bochum.de\/wp-content\/uploads\/2014\/07\/1-AIKIDO-MONTREUX_-17_585x420.944a1f218918e6372c675ab02656cdd817.jpg\" alt=\"1 AIKIDO MONTREUX_-17_585x420.944a1f218918e6372c675ab02656cdd817\" width=\"762\" height=\"419\" srcset=\"https:\/\/www.aikido-bochum.de\/wp-content\/uploads\/2014\/07\/1-AIKIDO-MONTREUX_-17_585x420.944a1f218918e6372c675ab02656cdd817.jpg 762w, https:\/\/www.aikido-bochum.de\/wp-content\/uploads\/2014\/07\/1-AIKIDO-MONTREUX_-17_585x420.944a1f218918e6372c675ab02656cdd817-500x274.jpg 500w, https:\/\/www.aikido-bochum.de\/wp-content\/uploads\/2014\/07\/1-AIKIDO-MONTREUX_-17_585x420.944a1f218918e6372c675ab02656cdd817-624x343.jpg 624w\" sizes=\"auto, (max-width: 762px) 100vw, 762px\" \/><\/a><\/p>\n<p>Wir freuen uns, auch in diesem Jahr Patrick wieder zu Gast zu haben, und hoffen, dass ihr ebenfalls dabei seid!<\/p>\n<p><strong>Freitag<br \/>\n<\/strong>18.00 \u2013 18.45 \u00a0Einf\u00fchrung in die Meditation und das Wochenende<br \/>\n18.45\u00a0\u2013 20.45\u00a0 Aikido<\/p>\n<p><strong>Samstag<br \/>\n<\/strong>11.30 <span class=\"Apple-style-span\">\u2013<\/span>\u00a012.15 \u00a0Meditation<br \/>\n12.15 <span class=\"Apple-style-span\">\u2013<\/span>\u00a014.45\u00a0 Aikido<br \/>\n16.15 <span class=\"Apple-style-span\">\u2013<\/span>\u00a018.30\u00a0 Aikido<\/p>\n<p><strong>Sonntag<\/strong><br \/>\n11.00 <span class=\"Apple-style-span\">\u2013<\/span>\u00a011.45\u00a0 Meditation<br \/>\n11.45 <span class=\"Apple-style-span\">\u2013<\/span>\u00a014.15\u00a0 Aikido<\/p>\n<p><strong>Kosten<br \/>\n<\/strong>70 \u20ac \u00a0gesamter Lehrgang\u00a0 (Meditation frei),<br \/>\n60\u20ac \u00a0Samstag + Sonntag\u00a0 (Meditation frei),<br \/>\n25 \u20ac \u00a0nur Freitagabend \u00a0(Meditation frei),<br \/>\n10 \u20ac pro Meditation ohne Aikido.<\/p>\n<p>Teilnahme an der Meditation ist f\u00fcr alle Interessierten m\u00f6glich. Keine Aikido-Erfahrung notwendig. Falls vorhanden, bitte\u00a0 Zafu o. \u00e4. und evtl. Decke mitbringen.<\/p>\n<p><strong>Anmeldung ist notwendig<\/strong>, die Teilnehmerzahl ist begrenzt, deshalb freuen wir uns \u00fcber fr\u00fchzeitige Nachricht von euch. Teilnahme nur mit Anmeldebest\u00e4tigung. Am Freitagabend besteht die M\u00f6glichkeit, Patricks Arbeit kennenzulernen, <strong>ab Samstag<\/strong> leider nur noch <strong>Teilnahme am kompletten restlichen Wochenende <\/strong>m\u00f6glich. (Also <strong>keine Einzelstunden Sa &amp; So<\/strong>).<\/p>\n<p>Am Freitagabend veranstalten wir nach dem Training wieder unser <strong>Mattenpicknick<\/strong> und bitten euch, wenn m\u00f6glich, etwas Leckeres zu essen mitzubringen. F\u00fcr Getr\u00e4nke sorgen wir.<\/p>\n<p>Wer am Samstagabend mit uns Essen gehen m\u00f6chte, schreibt das bitte in seine Anmeldung sowie seinen vollst\u00e4ndigen Namen und sein aktuelles Dojo. Bitte keine Sammelanmeldungen!<\/p>\n<p>Anmeldungen f\u00fcr den kompletten Lehrgang werden bevorzugt. \u00dcbernachtung im Dojo ist m\u00f6glich. Dies ist eine private Veranstaltung, der Veranstalter \u00fcbernimmt keine Haftung f\u00fcr Sach- oder Personensch\u00e4den. Mit der Anmeldung best\u00e4tigt der Teilnehmer, dass er ausreichend krankenversichert ist.Nach Ablauf der Anmeldefrist am 27.9. wird bei Absagen die komplette Teilnahmegeb\u00fchr f\u00e4llig.<\/p>\n<p>Wer mehr \u00fcber Patrick erfahren m\u00f6chte, kann sich auf der <em><a title=\"Homepage Patrick Cassidy\" href=\"http:\/\/www.aikidomontreux.com\/\">Homepage seines Dojos<\/a><\/em> umschauen oder <em><a href=\"http:\/\/www.youtube.com\/watch?v=J02fSxnVWD4\">diesen netten Zusammenschnitt<\/a><\/em> anschauen, um ein bisschen Atmosph\u00e4re zu schnuppern.<\/p>\n<p>For any information in English call or write :<\/p>\n<p><strong>Ansprechpartner und Anmeldungen :<\/strong><br \/>\nThorsten Markmann<br \/>\nTel. 02324 \/ 682096<br \/>\nEmail: zakzak@gmx.net<\/p>\n","protected":false},"excerpt":{"rendered":"<p>Wir freuen uns, auch in diesem Jahr Patrick wieder zu Gast zu haben, und hoffen, dass ihr ebenfalls dabei seid! Freitag 18.00 \u2013 18.45 \u00a0Einf\u00fchrung in die Meditation und das Wochenende 18.45\u00a0\u2013 20.45\u00a0 Aikido Samstag 11.30 \u2013\u00a012.15 \u00a0Meditation 12.15 \u2013\u00a014.45\u00a0 Aikido 16.15 \u2013\u00a018.30\u00a0 Aikido Sonntag 11.00 \u2013\u00a011.45\u00a0 Meditation 11.45 \u2013\u00a014.15\u00a0 Aikido Kosten 70 \u20ac \u00a0gesamter [&hellip;]<\/p>\n","protected":false},"author":6,"featured_media":0,"comment_status":"closed","ping_status":"closed","sticky":false,"template":"","format":"standard","meta":{"footnotes":""},"categories":[2,24],"tags":[],"class_list":["post-3283","post","type-post","status-publish","format-standard","hentry","category-lehrgang","category-seminar"],"_links":{"self":[{"href":"https:\/\/www.aikido-bochum.de\/index.php?rest_route=\/wp\/v2\/posts\/3283","targetHints":{"allow":["GET"]}}],"collection":[{"href":"https:\/\/www.aikido-bochum.de\/index.php?rest_route=\/wp\/v2\/posts"}],"about":[{"href":"https:\/\/www.aikido-bochum.de\/index.php?rest_route=\/wp\/v2\/types\/post"}],"author":[{"embeddable":true,"href":"https:\/\/www.aikido-bochum.de\/index.php?rest_route=\/wp\/v2\/users\/6"}],"replies":[{"embeddable":true,"href":"https:\/\/www.aikido-bochum.de\/index.php?rest_route=%2Fwp%2Fv2%2Fcomments&post=3283"}],"version-history":[{"count":4,"href":"https:\/\/www.aikido-bochum.de\/index.php?rest_route=\/wp\/v2\/posts\/3283\/revisions"}],"predecessor-version":[{"id":3421,"href":"https:\/\/www.aikido-bochum.de\/index.php?rest_route=\/wp\/v2\/posts\/3283\/revisions\/3421"}],"wp:attachment":[{"href":"https:\/\/www.aikido-bochum.de\/index.php?rest_route=%2Fwp%2Fv2%2Fmedia&parent=3283"}],"wp:term":[{"taxonomy":"category","embeddable":true,"href":"https:\/\/www.aikido-bochum.de\/index.php?rest_route=%2Fwp%2Fv2%2Fcategories&post=3283"},{"taxonomy":"post_tag","embeddable":true,"href":"https:\/\/www.aikido-bochum.de\/index.php?rest_route=%2Fwp%2Fv2%2Ftags&post=3283"}],"curies":[{"name":"wp","href":"https:\/\/api.w.org\/{rel}","templated":true}]}}