{"id":3754,"date":"2016-11-27T21:40:19","date_gmt":"2016-11-27T20:40:19","guid":{"rendered":"http:\/\/www.aikido-bochum.de\/?p=3754"},"modified":"2016-11-27T21:44:43","modified_gmt":"2016-11-27T20:44:43","slug":"kangeiko-am-3-5-februar-2017-in-gerleve","status":"publish","type":"post","link":"https:\/\/www.aikido-bochum.de\/?p=3754","title":{"rendered":"KANGEIKO am 3.\u20135. Februar 2017 in Gerleve"},"content":{"rendered":"<p style=\"text-align: center;\"><strong><a href=\"https:\/\/www.aikido-bochum.de\/wp-content\/uploads\/2016\/09\/Utagawa-Hiroshige-Affenbr\u00fccke-im-Winter.jpg\"><img loading=\"lazy\" decoding=\"async\" class=\"alignleft size-large wp-image-3755\" src=\"https:\/\/www.aikido-bochum.de\/wp-content\/uploads\/2016\/09\/Utagawa-Hiroshige-Affenbr\u00fccke-im-Winter-242x1024.jpg\" alt=\"utagawa-hiroshige-affenbruecke-im-winter\" width=\"242\" height=\"1024\" srcset=\"https:\/\/www.aikido-bochum.de\/wp-content\/uploads\/2016\/09\/Utagawa-Hiroshige-Affenbr\u00fccke-im-Winter-242x1024.jpg 242w, https:\/\/www.aikido-bochum.de\/wp-content\/uploads\/2016\/09\/Utagawa-Hiroshige-Affenbr\u00fccke-im-Winter-118x500.jpg 118w, https:\/\/www.aikido-bochum.de\/wp-content\/uploads\/2016\/09\/Utagawa-Hiroshige-Affenbr\u00fccke-im-Winter.jpg 355w\" sizes=\"auto, (max-width: 242px) 100vw, 242px\" \/><\/a><\/strong><\/p>\n<p style=\"text-align: center;\"><span style=\"color: #ffffff;\">.<\/span><strong>Aikido-Wintertraining\u00a0<\/strong><strong>in der Benediktinerabtei Gerleve<\/strong><\/p>\n<p style=\"text-align: center;\">vom 3.2.2017, 15.00 Uhr<br \/>\nbis 5.2.2017, 15.00 Uhr<\/p>\n<p style=\"text-align: center;\">mit\u00a0<strong>Georg Schrott<\/strong><\/p>\n<p style=\"text-align: justify;\">Seit 2012 veranstaltet das Aikidojo Bochum regelm\u00e4\u00dfig das Kangeiko \u2013 eine Gelegenheit, in winterlicher Stille Aikido, Selbstbesinnung und Begegnung zu erfahren, bisher im Kloster Damme, nun in Gerleve.<\/p>\n<p style=\"text-align: justify;\">Der Lehrgang ist offen f\u00fcr Aikidoka aller Stilrichtungen. Der inhaltliche Schwerpunkt liegt auf der Verbindung von k\u00f6rperlichen und mentalen Aspekten, orientiert an den Bed\u00fcrfnissen und Interessen der Teilnehmer\/innen.<\/p>\n<p style=\"text-align: justify;\">Das Seminar findet in einem der G\u00e4steh\u00e4user der Benediktinerabtei Gerleve im M\u00fcnsterland statt. Mehr Informationen \u00fcber die Abtei findet ihr auf der Klosterhomepage:<\/p>\n<p style=\"text-align: center;\"><a href=\"http:\/\/www.abtei-gerleve.de\/\">http:\/\/www.abtei-gerleve.de\/<\/a><\/p>\n<p style=\"text-align: justify;\">Eine christliche Orientierung ist f\u00fcr die Teilnahme nicht erforderlich.<\/p>\n<hr \/>\n<p style=\"text-align: justify;\">Eindr\u00fccke von fr\u00fcheren\u00a0Kangeiko vermitteln Clips (<a href=\"http:\/\/www.youtube.com\/watch?v=he8btcFQzj0\">Kangeiko in Damme 2012<\/a>\u00a0und\u00a0<a href=\"https:\/\/www.youtube.com\/watch?v=nTjGRYPC8SI&amp;spfreload=10\">2015<\/a>) und Galerien (<a title=\"Kangeiko 2013\" href=\"https:\/\/www.aikido-bochum.de\/?p=2165\">Kangeiko Damme 2013<\/a>, <a href=\"https:\/\/www.aikido-bochum.de\/?p=3100\">2015<\/a>\u00a0und <a href=\"https:\/\/www.aikido-bochum.de\/?p=3469\">2016<\/a>).<\/p>\n<hr \/>\n<p style=\"text-align: justify;\"><span style=\"color: #ff6600;\">Anders als bisher ist die Teilnehmerzahl begrenzt. Eine baldige Anmeldung ist daher empfehlenswert.<\/span><\/p>\n<p style=\"text-align: justify;\">Alle weiteren Details zur Unterbringung und Anmeldung findet ihr auf der<\/p>\n<p style=\"text-align: center;\"><a href=\"https:\/\/www.aikido-bochum.de\/wp-content\/uploads\/2016\/09\/KANGEIKO-17-Folder-1.pdf\">AUSSCHREIBUNG<\/a>.<\/p>\n","protected":false},"excerpt":{"rendered":"<p>.Aikido-Wintertraining\u00a0in der Benediktinerabtei Gerleve vom 3.2.2017, 15.00 Uhr bis 5.2.2017, 15.00 Uhr mit\u00a0Georg Schrott Seit 2012 veranstaltet das Aikidojo Bochum regelm\u00e4\u00dfig das Kangeiko \u2013 eine Gelegenheit, in winterlicher Stille Aikido, Selbstbesinnung und Begegnung zu erfahren, bisher im Kloster Damme, nun in Gerleve. Der Lehrgang ist offen f\u00fcr Aikidoka aller Stilrichtungen. Der inhaltliche Schwerpunkt liegt auf [&hellip;]<\/p>\n","protected":false},"author":9,"featured_media":0,"comment_status":"closed","ping_status":"closed","sticky":false,"template":"","format":"standard","meta":{"footnotes":""},"categories":[1,2,24],"tags":[],"class_list":["post-3754","post","type-post","status-publish","format-standard","hentry","category-allgemein","category-lehrgang","category-seminar"],"_links":{"self":[{"href":"https:\/\/www.aikido-bochum.de\/index.php?rest_route=\/wp\/v2\/posts\/3754","targetHints":{"allow":["GET"]}}],"collection":[{"href":"https:\/\/www.aikido-bochum.de\/index.php?rest_route=\/wp\/v2\/posts"}],"about":[{"href":"https:\/\/www.aikido-bochum.de\/index.php?rest_route=\/wp\/v2\/types\/post"}],"author":[{"embeddable":true,"href":"https:\/\/www.aikido-bochum.de\/index.php?rest_route=\/wp\/v2\/users\/9"}],"replies":[{"embeddable":true,"href":"https:\/\/www.aikido-bochum.de\/index.php?rest_route=%2Fwp%2Fv2%2Fcomments&post=3754"}],"version-history":[{"count":11,"href":"https:\/\/www.aikido-bochum.de\/index.php?rest_route=\/wp\/v2\/posts\/3754\/revisions"}],"predecessor-version":[{"id":3770,"href":"https:\/\/www.aikido-bochum.de\/index.php?rest_route=\/wp\/v2\/posts\/3754\/revisions\/3770"}],"wp:attachment":[{"href":"https:\/\/www.aikido-bochum.de\/index.php?rest_route=%2Fwp%2Fv2%2Fmedia&parent=3754"}],"wp:term":[{"taxonomy":"category","embeddable":true,"href":"https:\/\/www.aikido-bochum.de\/index.php?rest_route=%2Fwp%2Fv2%2Fcategories&post=3754"},{"taxonomy":"post_tag","embeddable":true,"href":"https:\/\/www.aikido-bochum.de\/index.php?rest_route=%2Fwp%2Fv2%2Ftags&post=3754"}],"curies":[{"name":"wp","href":"https:\/\/api.w.org\/{rel}","templated":true}]}}