{"id":3842,"date":"2017-03-17T22:20:45","date_gmt":"2017-03-17T21:20:45","guid":{"rendered":"http:\/\/www.aikido-bochum.de\/?p=3842"},"modified":"2017-03-17T22:21:37","modified_gmt":"2017-03-17T21:21:37","slug":"workshop-pinsel-und-schwert-am-16-18-juni-2017","status":"publish","type":"post","link":"https:\/\/www.aikido-bochum.de\/?p=3842","title":{"rendered":"Workshop \u201ePINSEL UND SCHWERT\u201c am 16.\u201318. Juni 2017"},"content":{"rendered":"<h3 class=\"entry-header\" style=\"text-align: center;\"><span style=\"color: #ffffff;\">.<\/span><b><\/b><\/h3>\n<h3 class=\"entry-header\" style=\"text-align: center;\"><b><img loading=\"lazy\" decoding=\"async\" class=\"alignleft wp-image-3787\" src=\"https:\/\/www.aikido-bochum.de\/wp-content\/uploads\/2016\/11\/Musashi-W\u00fcrger-gemeinfrei.jpg\" alt=\"musashi-wuerger-gemeinfrei\" width=\"217\" height=\"508\" srcset=\"https:\/\/www.aikido-bochum.de\/wp-content\/uploads\/2016\/11\/Musashi-W\u00fcrger-gemeinfrei.jpg 254w, https:\/\/www.aikido-bochum.de\/wp-content\/uploads\/2016\/11\/Musashi-W\u00fcrger-gemeinfrei-214x500.jpg 214w\" sizes=\"auto, (max-width: 217px) 100vw, 217px\" \/>BUNBU\u00a0<\/b><b>RYODO<\/b><\/h3>\n<p class=\"entry-header\" style=\"text-align: center;\"><b>&#8222;DER\u00a0GEMEINSAME\u00a0<\/b><b>WEG\u00a0<\/b><b>VON\u00a0PINSEL<\/b><b>\u00a0<\/b><b>UND\u00a0SCHWERT&#8220;<\/b><\/p>\n<p style=\"text-align: center;\">mit\u00a0<strong>Beppe Mokuza Signoritti\u00a0<\/strong>(Bodai Dojo, Alba, Italien)<\/p>\n<p style=\"text-align: center;\">und\u00a0<strong>Georg Schrott\u00a0<\/strong>(Aikidojo Bochum)<\/p>\n<hr \/>\n<p style=\"text-align: center;\"><a href=\"https:\/\/www.aikido-bochum.de\/?p=3936\">English version<\/a><\/p>\n<hr \/>\n<p style=\"text-align: justify;\"><i>Kein Geringerer als Miyamoto <\/i><i>Musashi<\/i><i> war der Maler des Bildes, das einen Vogel aus der Familie der <\/i><i>W\u00fcrger<\/i><i> auf einem <\/i><i>d\u00fcrren<\/i><i> Zweig zeigt. <\/i><i>Musashi<\/i><i> ist der bekannteste Vertreter des <\/i><i>Bunbu<\/i> <i>Ryodo<\/i><i>, des \u201eGemeinsamen Wegs von Pinsel und Schwert\u201c. Der Begriff <\/i><i>dr\u00fcckt<\/i><i> aus, dass das <\/i><i>Selbstverst\u00e4ndnis<\/i><i> der Samurai nicht nur in der Kriegerrolle bestand, sondern ebenso die Hinwendung zur <\/i><i>\u00c4sthetik<\/i><i> und den <\/i><i>K\u00fcnsten<\/i> <i>umfasste <\/i><i>\u2013<\/i><i> ein kulturelles Erbe, das in den japanischen \u201eWeg-K\u00fcnsten\u201c bis heute weitergetragen wird.<\/i><\/p>\n<p style=\"text-align: justify;\"><span style=\"color: #ffffff;\">.<\/span><\/p>\n<h4><b>\u201ePINSEL\u201c<\/b><\/h4>\n<p style=\"text-align: justify;\">Der japanische Ausdruck \u201esumi-e\u201c bedeutet \u00abschwarze Tinte\u00bb (sumi) und \u00abMalerei\u00bb (e) und steht f\u00fcr eine Form von Kunst, in der Gegenst\u00e4nde und Themen mit Tusche in verschiedenen Grau-Abstufungen gemalt werden.\u00a0Beim Sumi-e sind nicht technische Perfektion oder Talent wesentlich; jeder kann Sumi-e erlernen, wenn er dem Geist seines Lehrers und dessen oft auf Intuition basierenden Anweisungen folgt.\u00a0Basis des praktischen Erlernens ist der direkte Kontakt mit dem Lehrer, indem man von ihm gezeichnete Vorlagen oder klassische Modelle nachmalt.<\/p>\n<p style=\"text-align: justify;\">Echtes Sumi-e ist gepr\u00e4gt von Klarheit und Spontaneit\u00e4t, die sich direkt auf die Wahrnehmung des Betrachters \u00fcbertragen. Damit ein Bild \u00ablebendig\u00bb wird, m\u00fcssen alle seine Komponenten lebendig sein. Jedes \u00fcberfl\u00fcssige Detail ist weggelassen, denn Sumi-e erfasst das Wesen der Natur.<\/p>\n<p style=\"text-align: justify;\"><b><\/b>Weitere Informationen und Eindr\u00fccke auf Beppes Sumi-e-Homepage:<\/p>\n<p style=\"text-align: center;\"><a href=\"http:\/\/www.sumi-e.it\/DE\/\">http:\/\/www.sumi-e.it\/DE\/<\/a><\/p>\n<p><span style=\"font-size: 1rem;\">Eindr\u00fccke von den letzten Workshops vermitteln beispielsweise ein\u00a0<a href=\"https:\/\/www.youtube.com\/watch?v=-eUuZS3BVBg\">Youtube-Clip<\/a><\/span><span style=\"font-size: 1rem;\">\u00a0sowie die folgende\u00a0<\/span><a href=\"https:\/\/www.aikido-bochum.de\/?p=3650\">Fotostrecke<\/a><span style=\"font-size: 1rem;\">\u00a0auf unserer Homepage.<\/span><br \/>\n<a href=\"https:\/\/www.aikido-bochum.de\/wp-content\/uploads\/2017\/02\/oofude-grosser-pinsel-gakusho.jpg\"><img loading=\"lazy\" decoding=\"async\" class=\"alignleft wp-image-3858\" src=\"https:\/\/www.aikido-bochum.de\/wp-content\/uploads\/2017\/02\/oofude-grosser-pinsel-gakusho-500x112.jpg\" alt=\"oofude-grosser-pinsel-gakusho\" width=\"625\" height=\"140\" srcset=\"https:\/\/www.aikido-bochum.de\/wp-content\/uploads\/2017\/02\/oofude-grosser-pinsel-gakusho-500x112.jpg 500w, https:\/\/www.aikido-bochum.de\/wp-content\/uploads\/2017\/02\/oofude-grosser-pinsel-gakusho-768x172.jpg 768w, https:\/\/www.aikido-bochum.de\/wp-content\/uploads\/2017\/02\/oofude-grosser-pinsel-gakusho-624x140.jpg 624w, https:\/\/www.aikido-bochum.de\/wp-content\/uploads\/2017\/02\/oofude-grosser-pinsel-gakusho.jpg 800w\" sizes=\"auto, (max-width: 625px) 100vw, 625px\" \/><\/a><\/p>\n<h4><span style=\"color: #ffffff;\">.<\/span><\/h4>\n<h4><b>\u201eSCHWERT\u201c<\/b><\/h4>\n<p style=\"text-align: justify;\">Es werden typische Aikido-Formen mit dem Bokken (Holzschwert) praktiziert: Grundtechniken, Partner\u00fcbungen mit dem Schwert und die Abwehr von Schwertangriffen. Dabei geht es nicht um \u201cK\u00e4mpfen\u201c oder \u201eSich-Verteidigen\u201c, sondern darum, sich mit sich selbst auseinanderzusetzen und allm\u00e4hlich mit dem eigenen Schwert und den Bewegungen des Partners \u201ezu verschmelzen\u201c.<\/p>\n<p><a href=\"https:\/\/www.aikido-bochum.de\/wp-content\/uploads\/2017\/02\/IAIDO-Bild-red.jpg\"><img loading=\"lazy\" decoding=\"async\" class=\"wp-image-3856 aligncenter\" src=\"https:\/\/www.aikido-bochum.de\/wp-content\/uploads\/2017\/02\/IAIDO-Bild-red-500x95.jpg\" alt=\"IAIDO Bild red\" width=\"632\" height=\"120\" srcset=\"https:\/\/www.aikido-bochum.de\/wp-content\/uploads\/2017\/02\/IAIDO-Bild-red-500x95.jpg 500w, https:\/\/www.aikido-bochum.de\/wp-content\/uploads\/2017\/02\/IAIDO-Bild-red-768x146.jpg 768w, https:\/\/www.aikido-bochum.de\/wp-content\/uploads\/2017\/02\/IAIDO-Bild-red-1024x195.jpg 1024w, https:\/\/www.aikido-bochum.de\/wp-content\/uploads\/2017\/02\/IAIDO-Bild-red-624x119.jpg 624w\" sizes=\"auto, (max-width: 632px) 100vw, 632px\" \/><\/a><\/p>\n<h4><span style=\"color: #ffffff;\">.<\/span><\/h4>\n<h4><strong>DAS BEGLEITPROGRAMM<\/strong><\/h4>\n<p style=\"text-align: justify;\">Der Zeitplan ist bewusst sehr dicht gehalten, um im Wechsel von Meditation, Malen und Aikido eine intensive Zeit von menschlicher und kultureller Begegnung und Erfahrung verbringen zu k\u00f6nnen. Wir werden gemeinsam mit Beppes Assistenten Alessandro die Mahlzeiten zubereiten und zusammen\u00a0im Dojo essen.<\/p>\n<h4><span style=\"color: #ffffff;\">.<\/span><\/h4>\n<h4><strong>BEPPE MOKUZA SIGNORITTI<img loading=\"lazy\" decoding=\"async\" class=\"wp-image-2780 alignleft\" src=\"https:\/\/www.aikido-bochum.de\/wp-content\/uploads\/2014\/02\/Beppe-Mokuza-374x500.jpg\" alt=\"Beppe Mokuza\" width=\"133\" height=\"178\" srcset=\"https:\/\/www.aikido-bochum.de\/wp-content\/uploads\/2014\/02\/Beppe-Mokuza-374x500.jpg 374w, https:\/\/www.aikido-bochum.de\/wp-content\/uploads\/2014\/02\/Beppe-Mokuza.jpg 401w\" sizes=\"auto, (max-width: 133px) 100vw, 133px\" \/><\/strong><\/h4>\n<div class=\"page\" title=\"Page 2\">\n<div class=\"section\">\n<div class=\"layoutArea\">\n<div class=\"column\">\n<p style=\"text-align: justify;\">Seit \u00fcber 20 Jahren widmet sich Beppe dem Sumi-e und der Zen-Meditation. Er ist Sumi-e-Meister, M\u00f6nch des Soto-Zen und Leiter des Bodai Zen Dojos in Alba, Italien. Sein Zen-Lehrer ist Roland Yuno Rech. Beppe zeigt seine Bilder und die Aus\u00fcbung des Sumi-e in vielen europ\u00e4ischen L\u00e4ndern, h\u00e4lt Vortr\u00e4ge und gibt Kurse f\u00fcr Kinder, Jugendliche und Erwachsene zu diesem Thema.<\/p>\n<p><span style=\"color: #ffffff;\">.<\/span><\/p>\n<p><b>VORAUSSETZUNGEN<\/b><\/p>\n<p>&nbsp;<\/p>\n<\/div>\n<\/div>\n<\/div>\n<\/div>\n<p style=\"text-align: justify;\">Vorkenntnisse in Sumi-e, Aikido oder\u00a0Zen sind nicht erforderlich.<\/p>\n<p><span style=\"color: #ffffff;\">.<\/span><\/p>\n<p><strong>ANGEBOT<img loading=\"lazy\" decoding=\"async\" class=\" wp-image-3860 alignright\" src=\"https:\/\/www.aikido-bochum.de\/wp-content\/uploads\/2017\/02\/Bambus-170x500.jpg\" alt=\"Bambus\" width=\"212\" height=\"623\" srcset=\"https:\/\/www.aikido-bochum.de\/wp-content\/uploads\/2017\/02\/Bambus-170x500.jpg 170w, https:\/\/www.aikido-bochum.de\/wp-content\/uploads\/2017\/02\/Bambus-768x2254.jpg 768w, https:\/\/www.aikido-bochum.de\/wp-content\/uploads\/2017\/02\/Bambus-349x1024.jpg 349w, https:\/\/www.aikido-bochum.de\/wp-content\/uploads\/2017\/02\/Bambus-624x1831.jpg 624w, https:\/\/www.aikido-bochum.de\/wp-content\/uploads\/2017\/02\/Bambus.jpg 869w\" sizes=\"auto, (max-width: 212px) 100vw, 212px\" \/><br \/>\n<\/strong><\/p>\n<p style=\"text-align: justify;\">Der\u00a0Preis umfasst nicht nur den Unterricht in\u00a0Sumi-e, Aikido\u00a0und\u00a0Za-zen, sondern auch Vollverpflegung (Zen-K\u00fcche) und Sumi-e-Material. Die \u00dcbernachtung im Dojo (Schlafsack!) ist m\u00f6glich.<\/p>\n<p><span style=\"color: #ffffff;\">.<\/span><\/p>\n<p><strong>PREIS<\/strong><\/p>\n<p>150 \u20ac \u00a0 (Es kann nur der ganze Workshop gebucht werden.)<\/p>\n<p><span style=\"color: #ffffff;\">.<\/span><\/p>\n<p><strong>ANMELDUNG<\/strong><\/p>\n<p style=\"text-align: justify;\">Da die Teilnehmerzahl begrenzt ist, erfolgt die Registrierung nach dem \u201eWindhund-Prinzip\u201c.\u00a0Verbindliche\u00a0Anmeldung bis 12. Juni 2017.<\/p>\n<p style=\"text-align: justify;\">Detailliertere\u00a0<strong>Anmeldedaten<\/strong>\u00a0und weitere Informationen auf dem<\/p>\n<p style=\"text-align: center;\"><a href=\"https:\/\/www.aikido-bochum.de\/wp-content\/uploads\/2017\/02\/SUMI-E-17-Ausschreibung-deutsch.pdf\">AUSSCHREIBUNGS-FLYER!<\/a><\/p>\n<p>&nbsp;<\/p>\n","protected":false},"excerpt":{"rendered":"<p>. BUNBU\u00a0RYODO &#8222;DER\u00a0GEMEINSAME\u00a0WEG\u00a0VON\u00a0PINSEL\u00a0UND\u00a0SCHWERT&#8220; mit\u00a0Beppe Mokuza Signoritti\u00a0(Bodai Dojo, Alba, Italien) und\u00a0Georg Schrott\u00a0(Aikidojo Bochum) English version Kein Geringerer als Miyamoto Musashi war der Maler des Bildes, das einen Vogel aus der Familie der W\u00fcrger auf einem d\u00fcrren Zweig zeigt. Musashi ist der bekannteste Vertreter des Bunbu Ryodo, des \u201eGemeinsamen Wegs von Pinsel und Schwert\u201c. Der Begriff dr\u00fcckt [&hellip;]<\/p>\n","protected":false},"author":9,"featured_media":0,"comment_status":"closed","ping_status":"closed","sticky":false,"template":"","format":"standard","meta":{"footnotes":""},"categories":[1],"tags":[],"class_list":["post-3842","post","type-post","status-publish","format-standard","hentry","category-allgemein"],"_links":{"self":[{"href":"https:\/\/www.aikido-bochum.de\/index.php?rest_route=\/wp\/v2\/posts\/3842","targetHints":{"allow":["GET"]}}],"collection":[{"href":"https:\/\/www.aikido-bochum.de\/index.php?rest_route=\/wp\/v2\/posts"}],"about":[{"href":"https:\/\/www.aikido-bochum.de\/index.php?rest_route=\/wp\/v2\/types\/post"}],"author":[{"embeddable":true,"href":"https:\/\/www.aikido-bochum.de\/index.php?rest_route=\/wp\/v2\/users\/9"}],"replies":[{"embeddable":true,"href":"https:\/\/www.aikido-bochum.de\/index.php?rest_route=%2Fwp%2Fv2%2Fcomments&post=3842"}],"version-history":[{"count":37,"href":"https:\/\/www.aikido-bochum.de\/index.php?rest_route=\/wp\/v2\/posts\/3842\/revisions"}],"predecessor-version":[{"id":3942,"href":"https:\/\/www.aikido-bochum.de\/index.php?rest_route=\/wp\/v2\/posts\/3842\/revisions\/3942"}],"wp:attachment":[{"href":"https:\/\/www.aikido-bochum.de\/index.php?rest_route=%2Fwp%2Fv2%2Fmedia&parent=3842"}],"wp:term":[{"taxonomy":"category","embeddable":true,"href":"https:\/\/www.aikido-bochum.de\/index.php?rest_route=%2Fwp%2Fv2%2Fcategories&post=3842"},{"taxonomy":"post_tag","embeddable":true,"href":"https:\/\/www.aikido-bochum.de\/index.php?rest_route=%2Fwp%2Fv2%2Ftags&post=3842"}],"curies":[{"name":"wp","href":"https:\/\/api.w.org\/{rel}","templated":true}]}}