{"id":4862,"date":"2021-02-07T11:52:27","date_gmt":"2021-02-07T10:52:27","guid":{"rendered":"https:\/\/www.aikido-bochum.de\/?p=4862"},"modified":"2022-11-23T01:36:59","modified_gmt":"2022-11-23T00:36:59","slug":"mirjams-feldenkrais-lektionen-jetzt-online","status":"publish","type":"post","link":"https:\/\/www.aikido-bochum.de\/?p=4862","title":{"rendered":"Mirjams Feldenkrais-Lektionen: jetzt online!"},"content":{"rendered":"<p><a href=\"https:\/\/www.aikido-bochum.de\/wp-content\/uploads\/2021\/02\/Feldenkrais-scaled.jpg\"><img loading=\"lazy\" decoding=\"async\" class=\"aligncenter size-full wp-image-4864\" src=\"https:\/\/www.aikido-bochum.de\/wp-content\/uploads\/2021\/02\/Feldenkrais-scaled.jpg\" alt=\"\" width=\"2560\" height=\"874\" srcset=\"https:\/\/www.aikido-bochum.de\/wp-content\/uploads\/2021\/02\/Feldenkrais-scaled.jpg 2560w, https:\/\/www.aikido-bochum.de\/wp-content\/uploads\/2021\/02\/Feldenkrais-500x171.jpg 500w, https:\/\/www.aikido-bochum.de\/wp-content\/uploads\/2021\/02\/Feldenkrais-1024x349.jpg 1024w, https:\/\/www.aikido-bochum.de\/wp-content\/uploads\/2021\/02\/Feldenkrais-768x262.jpg 768w, https:\/\/www.aikido-bochum.de\/wp-content\/uploads\/2021\/02\/Feldenkrais-1536x524.jpg 1536w, https:\/\/www.aikido-bochum.de\/wp-content\/uploads\/2021\/02\/Feldenkrais-2048x699.jpg 2048w, https:\/\/www.aikido-bochum.de\/wp-content\/uploads\/2021\/02\/Feldenkrais-1568x535.jpg 1568w\" sizes=\"auto, (max-width: 2560px) 100vw, 2560px\" \/><\/a><\/p>\n<p>Zu Beginn des 2. Lockdown haben wir begonnen, online weiterzu\u00fcben. Au\u00dfer den w\u00f6chentlichen Programmpunkten &#8222;Aikido solo&#8220; und &#8222;Das Schwert verstehen &#8211; Iaido f\u00fcr Aikidoka&#8220; gibt es seitdem auch regelm\u00e4\u00dfig Feldenkrais-Stunden. Sie werden von Mirjam unterrichtet und k\u00f6nnen anschlie\u00dfend als Podcasts auf youtube abgerufen werden. Wir verlinken die Postings auch mit unserer Seite <a href=\"https:\/\/www.aikido-bochum.de\/?page_id=2288\">&#8222;Prinzipien und Elemente&#8220;<\/a>.<\/p>\n","protected":false},"excerpt":{"rendered":"<p>Zu Beginn des 2. Lockdown haben wir begonnen, online weiterzu\u00fcben. Au\u00dfer den w\u00f6chentlichen Programmpunkten &#8222;Aikido solo&#8220; und &#8222;Das Schwert verstehen &#8211; Iaido f\u00fcr Aikidoka&#8220; gibt es seitdem auch regelm\u00e4\u00dfig Feldenkrais-Stunden. Sie werden von Mirjam unterrichtet und k\u00f6nnen anschlie\u00dfend als Podcasts auf youtube abgerufen werden. Wir verlinken die Postings auch mit unserer Seite &#8222;Prinzipien und Elemente&#8220;.<\/p>\n","protected":false},"author":9,"featured_media":4864,"comment_status":"closed","ping_status":"closed","sticky":false,"template":"","format":"standard","meta":{"footnotes":""},"categories":[1],"tags":[],"class_list":["post-4862","post","type-post","status-publish","format-standard","has-post-thumbnail","hentry","category-allgemein"],"_links":{"self":[{"href":"https:\/\/www.aikido-bochum.de\/index.php?rest_route=\/wp\/v2\/posts\/4862","targetHints":{"allow":["GET"]}}],"collection":[{"href":"https:\/\/www.aikido-bochum.de\/index.php?rest_route=\/wp\/v2\/posts"}],"about":[{"href":"https:\/\/www.aikido-bochum.de\/index.php?rest_route=\/wp\/v2\/types\/post"}],"author":[{"embeddable":true,"href":"https:\/\/www.aikido-bochum.de\/index.php?rest_route=\/wp\/v2\/users\/9"}],"replies":[{"embeddable":true,"href":"https:\/\/www.aikido-bochum.de\/index.php?rest_route=%2Fwp%2Fv2%2Fcomments&post=4862"}],"version-history":[{"count":3,"href":"https:\/\/www.aikido-bochum.de\/index.php?rest_route=\/wp\/v2\/posts\/4862\/revisions"}],"predecessor-version":[{"id":4997,"href":"https:\/\/www.aikido-bochum.de\/index.php?rest_route=\/wp\/v2\/posts\/4862\/revisions\/4997"}],"wp:featuredmedia":[{"embeddable":true,"href":"https:\/\/www.aikido-bochum.de\/index.php?rest_route=\/wp\/v2\/media\/4864"}],"wp:attachment":[{"href":"https:\/\/www.aikido-bochum.de\/index.php?rest_route=%2Fwp%2Fv2%2Fmedia&parent=4862"}],"wp:term":[{"taxonomy":"category","embeddable":true,"href":"https:\/\/www.aikido-bochum.de\/index.php?rest_route=%2Fwp%2Fv2%2Fcategories&post=4862"},{"taxonomy":"post_tag","embeddable":true,"href":"https:\/\/www.aikido-bochum.de\/index.php?rest_route=%2Fwp%2Fv2%2Ftags&post=4862"}],"curies":[{"name":"wp","href":"https:\/\/api.w.org\/{rel}","templated":true}]}}